{"id":303,"date":"2024-06-22T08:29:41","date_gmt":"2024-06-22T07:29:41","guid":{"rendered":"https:\/\/www.liberte-par-le-travail.fr\/wp\/?p=303"},"modified":"2024-06-22T08:33:19","modified_gmt":"2024-06-22T07:33:19","slug":"appel-a-un-sursaut-pour-une-republique-fraternelle","status":"publish","type":"post","link":"http:\/\/www.liberte-par-le-travail.fr\/wp\/2024\/06\/22\/appel-a-un-sursaut-pour-une-republique-fraternelle\/","title":{"rendered":"Appel \u00e0 un sursaut pour une R\u00e9publique fraternelle"},"content":{"rendered":"\n<p>Paris le 13 juin 2024,<\/p>\n\n\n\n<p>Dimanche dernier, la France est entr\u00e9e dans une phase tr\u00e8s inqui\u00e9tante de son Histoire, avec<br>l\u2019imminence du retour de l\u2019extr\u00eame-droite au pouvoir.<br>Dans trois semaines, \u00e0 l\u2019occasion des \u00e9lections l\u00e9gislatives anticip\u00e9es, le risque de voir la France<br>rejoindre le rang de la sombre cohorte des gouvernements populistes et nationalistes d\u2019extr\u00eame droite<br>n\u2019aura jamais \u00e9t\u00e9 aussi \u00e9lev\u00e9.<br>Les forces les plus r\u00e9actionnaires cherchent \u00e0 s\u2019entendre, avec comme seule ambition, celle de remettre<br>en cause tous les fondamentaux de la philosophie des Lumi\u00e8res, sources du progr\u00e8s.<\/p>\n\n\n\n<!--more-->\n\n\n\n<p><br>Dans cette ann\u00e9e o\u00f9 nous comm\u00e9morons la m\u00e9moire de ceux qui sont tomb\u00e9s pour notre libert\u00e9 face<br>au joug nazi et au r\u00e9gime collaborationniste, les Francs-Ma\u00e7ons et les Francs-ma\u00e7onnes ne peuvent<br>rester muets face au retour du bruit des bottes, des effets de menton et de la geste milicienne.<br>Fid\u00e8les et visc\u00e9ralement attach\u00e9s \u00e0 leur tradition humaniste et universaliste, les Francs-Ma\u00e7ons et les<br>Francs-ma\u00e7onnes seront plus que jamais de ce combat essentiel, celui de la d\u00e9fense de la R\u00e9publique<br>fraternelle. Car il ne faut plus seulement sonner l\u2019alerte, mais agir.<br>Agir sur le terrain, agir dans nos loges, agir en dehors des temples. Agir, c\u2019est aussi entendre la col\u00e8re<br>de celles et de ceux qui ont pu par lassitude ou par d\u00e9sespoir, porter le 9 juin dernier leurs suffrages<br>sur les fossoyeurs de la R\u00e9publique, afin de les convaincre que l\u2019extr\u00eame-droite est une impasse.<br>R\u00e9unies hier au si\u00e8ge du Grand Orient de France, les ob\u00e9diences ma\u00e7onniques signataires lancent un<br>appel solennel \u00e0 la mobilisation de tous les Francs-ma\u00e7ons, fr\u00e8res et s\u0153urs, pour dire non \u00e0<br>l\u2019in\u00e9luctabilit\u00e9 de la victoire de l\u2019extr\u00eame-droite et de son id\u00e9ologie de la haine. Les ob\u00e9diences<br>ma\u00e7onniques exhortent tous les Francs-ma\u00e7ons \u00e0 se rassembler le 18 juin \u00e0 18h00 \u00e0 Paris et dans tous<br>les Orients de France.<br>Les francs-ma\u00e7ons r\u00e9sistants de tout temps \u00e0 l\u2019hydre haineuse de l&rsquo;extr\u00eame-droite, fid\u00e8les aux id\u00e9aux<br>de libert\u00e9, d\u2019\u00e9galit\u00e9, de fraternit\u00e9, de la\u00efcit\u00e9 se l\u00e8vent, d\u00e9termin\u00e9s \u00e0 prendre part dans la reconstruction<br>d\u2019un espoir r\u00e9publicain pour tous.<\/p>\n\n\n\n<p><strong>Guillaume TRICHARD<\/strong>, Grand Ma\u00eetre du Grand Orient de France<br><strong>Sylvain ZEGHNI<\/strong>, Grand Ma\u00eetre de la F\u00e9d\u00e9ration Fran\u00e7aise de l&rsquo;Ordre Ma\u00e7onnique Mixte International Le Droit Humain<br><strong>Bernard DEKOKER-SUAREZ<\/strong>, Grand Ma\u00eetre de la Grande Loge Mixte Universelle<br><strong>Christiane VIENNE<\/strong>, Grand Ma\u00eetre de la Grande Loge Mixte de France<br><strong>Jean-Jacques MOUMDJIAN<\/strong>, Grand Ma\u00eetre de la Grande Loge Mixte de Memphis-Misra\u00efm<\/p>\n\n\n\n<hr class=\"wp-block-separator has-alpha-channel-opacity\"\/>\n\n\n\n<div data-wp-interactive=\"core\/file\" class=\"wp-block-file\"><object data-wp-bind--hidden=\"!state.hasPdfPreview\" hidden class=\"wp-block-file__embed\" data=\"https:\/\/www.liberte-par-le-travail.fr\/wp\/wp-content\/uploads\/2024\/06\/Communique-de-presse-13-juin-2024-Appel-a-un-sursaut-pour-une-Republique-fraternelle.pdf\" type=\"application\/pdf\" style=\"width:100%;height:600px\" aria-label=\"Contenu embarqu\u00e9 Communique-de-presse-13-juin-2024-Appel-a-un-sursaut-pour-une-Republique-fraternelle.\"><\/object><a id=\"wp-block-file--media-b0b819c6-a04a-4d63-bfcd-9161f7be6fb2\" href=\"https:\/\/www.liberte-par-le-travail.fr\/wp\/wp-content\/uploads\/2024\/06\/Communique-de-presse-13-juin-2024-Appel-a-un-sursaut-pour-une-Republique-fraternelle.pdf\">Communique-de-presse-13-juin-2024-Appel-a-un-sursaut-pour-une-Republique-fraternelle<\/a><a href=\"https:\/\/www.liberte-par-le-travail.fr\/wp\/wp-content\/uploads\/2024\/06\/Communique-de-presse-13-juin-2024-Appel-a-un-sursaut-pour-une-Republique-fraternelle.pdf\" class=\"wp-block-file__button wp-element-button\" download aria-describedby=\"wp-block-file--media-b0b819c6-a04a-4d63-bfcd-9161f7be6fb2\">T\u00e9l\u00e9charger<\/a><\/div>\n","protected":false},"excerpt":{"rendered":"<p>Paris le 13 juin 2024, Dimanche dernier, la France est entr\u00e9e dans une phase tr\u00e8s inqui\u00e9tante de son Histoire, avecl\u2019imminence du retour de l\u2019extr\u00eame-droite au pouvoir.Dans trois semaines, \u00e0 l\u2019occasion des \u00e9lections l\u00e9gislatives anticip\u00e9es, le risque de voir la Francerejoindre le rang de la sombre cohorte des gouvernements populistes et nationalistes d\u2019extr\u00eame droiten\u2019aura jamais \u00e9t\u00e9 [&hellip;]<\/p>\n","protected":false},"author":1,"featured_media":51,"comment_status":"closed","ping_status":"open","sticky":false,"template":"","format":"standard","meta":{"footnotes":""},"categories":[10,11],"tags":[],"class_list":["post-303","post","type-post","status-publish","format-standard","has-post-thumbnail","hentry","category-actualites-de-la-loge","category-actualites-maconique"],"_links":{"self":[{"href":"http:\/\/www.liberte-par-le-travail.fr\/wp\/wp-json\/wp\/v2\/posts\/303","targetHints":{"allow":["GET"]}}],"collection":[{"href":"http:\/\/www.liberte-par-le-travail.fr\/wp\/wp-json\/wp\/v2\/posts"}],"about":[{"href":"http:\/\/www.liberte-par-le-travail.fr\/wp\/wp-json\/wp\/v2\/types\/post"}],"author":[{"embeddable":true,"href":"http:\/\/www.liberte-par-le-travail.fr\/wp\/wp-json\/wp\/v2\/users\/1"}],"replies":[{"embeddable":true,"href":"http:\/\/www.liberte-par-le-travail.fr\/wp\/wp-json\/wp\/v2\/comments?post=303"}],"version-history":[{"count":3,"href":"http:\/\/www.liberte-par-le-travail.fr\/wp\/wp-json\/wp\/v2\/posts\/303\/revisions"}],"predecessor-version":[{"id":308,"href":"http:\/\/www.liberte-par-le-travail.fr\/wp\/wp-json\/wp\/v2\/posts\/303\/revisions\/308"}],"wp:featuredmedia":[{"embeddable":true,"href":"http:\/\/www.liberte-par-le-travail.fr\/wp\/wp-json\/wp\/v2\/media\/51"}],"wp:attachment":[{"href":"http:\/\/www.liberte-par-le-travail.fr\/wp\/wp-json\/wp\/v2\/media?parent=303"}],"wp:term":[{"taxonomy":"category","embeddable":true,"href":"http:\/\/www.liberte-par-le-travail.fr\/wp\/wp-json\/wp\/v2\/categories?post=303"},{"taxonomy":"post_tag","embeddable":true,"href":"http:\/\/www.liberte-par-le-travail.fr\/wp\/wp-json\/wp\/v2\/tags?post=303"}],"curies":[{"name":"wp","href":"https:\/\/api.w.org\/{rel}","templated":true}]}}