{"id":209,"date":"2019-02-23T17:39:47","date_gmt":"2019-02-23T16:39:47","guid":{"rendered":"http:\/\/www.liberte-par-le-travail.fr\/wp\/?p=209"},"modified":"2019-02-23T17:42:23","modified_gmt":"2019-02-23T16:42:23","slug":"vers-linfini-et-au-dela-ou-la-passion-dicare","status":"publish","type":"post","link":"http:\/\/www.liberte-par-le-travail.fr\/wp\/2019\/02\/23\/vers-linfini-et-au-dela-ou-la-passion-dicare\/","title":{"rendered":"Vers l\u2019infini et au-del\u00e0\u2026 ou la passion d\u2019Icare"},"content":{"rendered":"<p><span style=\"font-weight: 400;\">J&rsquo;aurais aim\u00e9 ce soir vous parler de D\u00e9dale, l\u2019inventeur du labyrinthe, des statues qui bougent, de la vache de bois qui trompa Pos\u00e9idon, et de beaucoup d\u2019autres gadgets technologiques, D\u00e9dale (qui signifie \u00ab ing\u00e9nieux \u00bb), le technicien qui est aujourd\u2019hui mis \u00e0 l\u2019honneur dans la vie pratique. <\/span><\/p>\n<p><span style=\"font-weight: 400;\">J&rsquo;aurais aim\u00e9 vous parler du fil d\u2019Ariane, de Minos, de Th\u00e9s\u00e9e et de Cnossos, noms rattach\u00e9s aux labyrinthes depuis la plus haute Antiquit\u00e9 en essayant de ne pas en faire une sorte de copi\u00e9-coll\u00e9 de Wikip\u00e9dia&#8230; <\/span><\/p>\n<p><!--more--><\/p>\n<p><span style=\"font-weight: 400;\">J&rsquo;aurais aim\u00e9 vous parler aussi des labyrinthes dans lesquels nous nous enfermons pour ne pas affronter nos propres d\u00e9mons&#8230; <\/span><\/p>\n<p><span style=\"font-weight: 400;\">J&rsquo;ai choisi ce soir de faire un clin d&rsquo;\u0153il \u00e0 Icare, ce jeune homme remarquablement d\u00e9crit par Luc Big\u00e9<\/span><span style=\"font-weight: 400;\"> qui, muni d\u2019ailes fabriqu\u00e9es par son p\u00e8re D\u00e9dale, s\u2019\u00e9leva dans l\u2019azur, hors du labyrinthe o\u00f9 il \u00e9tait enferm\u00e9 et monta, monta, monta, enthousiaste et fragile, hant\u00e9 par ce fol espoir de sortir du Labyrinthe, d\u2019atteindre le soleil, ce dr\u00f4le de petit bonhomme qui s&rsquo;\u00e9tait laiss\u00e9 d\u00e9passer par les \u00e9v\u00e8nements lors de son vol. <\/span><\/p>\n<p><span style=\"font-weight: 400;\">Il y a quelques ann\u00e9es de \u00e7a, nous sommes en 1982, je regardais, par la fen\u00eatre de ma chambre, les mouettes qui planaient dans les airs, sans bouger une aile. <\/span><\/p>\n<p><span style=\"font-weight: 400;\">En fait, si je les regardais tant, je crois que quelque part je les ha\u00efssais. Elles \u00e9taient libres. Elles volaient. Et moi, coinc\u00e9 sur ce lit d&rsquo;h\u00f4pital, \u00e0 la suite d\u2019une chute dans un escalier le 6 janvier 1982, j&rsquo;apprenais que je ne marcherai plus. <\/span><\/p>\n<p><span style=\"font-weight: 400;\">Alors j&rsquo;ai fait le r\u00eave fou de voler.<\/span><\/p>\n<p><span style=\"font-weight: 400;\">Icare a toujours \u00e9t\u00e9 l&rsquo;incarnation du d\u00e9sir d&rsquo;une certaine \u00e9l\u00e9vation spirituelle ou simplement d\u2019un voyage initiatique. <\/span><\/p>\n<p><span style=\"font-weight: 400;\">Un an passe, je sors de l&rsquo;h\u00f4pital et un ami vient me chercher. Avec un petit sourire, il m&#8217;emm\u00e8ne \u00ab\u00a0\u00e0 la campagne\u00a0\u00bb. La route passe pr\u00e8s de ces grandes pompes d&rsquo;acier qui ressemblent \u00e0 des poules qui picorent&#8230; Les pompes \u00e0 p\u00e9trole, pas loin de Brie-Comte-Robert et de son univers impitoyable, et nous arrivons sur un a\u00e9rodrome \u00e0 Nangis o\u00f9 quelques hangars se disputent l&rsquo;espace. <\/span><\/p>\n<p><span style=\"font-weight: 400;\">Mon copain me pr\u00e9sente un dr\u00f4le de gars qui nous conduit vers une dr\u00f4le de machine, sorte de tondeuse \u00e0 gazon avec un parasol au-dessus. Un ULM. J&rsquo;en avais entendu parler, mais j&rsquo;en voyais un pour la premi\u00e8re fois.<\/span><\/p>\n<p><span style=\"font-weight: 400;\">Alain, Inventeur ing\u00e9nieux comme D\u00e9dale, le propri\u00e9taire de l&rsquo;objet volant identifi\u00e9 prend une vielle chambre \u00e0 air, en d\u00e9coupe deux \u00e9lastiques larges et, apr\u00e8s m&rsquo;avoir aid\u00e9 \u00e0 m&rsquo;installer sur le si\u00e8ge avant, attache mes deux jambes inertes sur les cale-pieds avec ces fixations improvis\u00e9es.<\/span><\/p>\n<p><span style=\"font-weight: 400;\">Le moteur d\u00e9marre et je tiens la commande, la barre du trap\u00e8ze coll\u00e9e contre moi. J&rsquo;ai bien suivi les explications d&rsquo;Alain et quand je repousse doucement le trap\u00e8ze, la magie op\u00e8re et les roues ne touchent plus le sol. <\/span><\/p>\n<p><span style=\"font-weight: 400;\">Je vole ! <\/span><\/p>\n<p><span style=\"font-weight: 400;\">Alors que j&rsquo;effectue des virages \u00e0 droite et \u00e0 gauche, comme en moto en fait, en penchant, j&rsquo;entends un gros fracas\u2026 suivi seulement du silence du vent\u2026 qu&rsquo;interrompt la voix d\u2019Alain : <\/span><\/p>\n<p><span style=\"font-weight: 400;\">\u00ab\u00a0\u00c7a va ? Garde ta vitesse&#8230; Tu vois le terrain \u00e0 gauche on y va&#8230; Ne penche pas trop &#8230; Ah oui le bruit&#8230; on a perdu l&rsquo;h\u00e9lice&#8230; Bon on va se poser &#8230; doucement&#8230; on n&rsquo;est pas press\u00e9 de descendre&#8230; Tu veux garder les commandes&#8230;ok\u00a0\u00bb <\/span><\/p>\n<p><span style=\"font-weight: 400;\">Ah les mouettes que je voyais de ma fen\u00eatre&#8230; Elles peuvent rester o\u00f9 elles sont ! <\/span><\/p>\n<p><span style=\"font-weight: 400;\">J&rsquo;ai bien suivi les instructions, j&rsquo;ai pos\u00e9 la machine en refusant le sol jusqu&rsquo;\u00e0 la derni\u00e8re seconde. Je refuse le sol, je refuse\u2026<\/span><\/p>\n<p><span style=\"font-weight: 400;\">Mon ami nous rejoint, avec le fauteuil roulant&#8230; Ah oui, c&rsquo;est vrai&#8230; Je suis en fauteuil roulant. J&rsquo;avais oubli\u00e9, l\u2019espace d\u2019un instant&#8230; <\/span><\/p>\n<p><span style=\"font-weight: 400;\">Si Icare c&rsquo;est le vol suivi de la chute, c&rsquo;est aussi l\u2019occasion d\u2019admettre sa condition d&rsquo;homme plus lourd que son r\u00eave&#8230; <\/span><\/p>\n<p><span style=\"font-weight: 400;\">Icare est la figure symbolique de l&rsquo;aspiration des hommes \u00e0 s&rsquo;\u00e9lever comme les oiseaux dans les airs, \u00e0 s&rsquo;y d\u00e9placer sans souffrir de la pesanteur, \u00e0 s&rsquo;affranchir des liens terrestres&#8230; <\/span><\/p>\n<p><span style=\"font-weight: 400;\">Il est aussi par-l\u00e0 un avertissement contre l&rsquo;orgueil humain. Il fut la personnification de l&rsquo;imprudence, de l&rsquo;ivresse de la d\u00e9couverte, de la d\u00e9mesure, alli\u00e9es \u00e0 la d\u00e9sob\u00e9issance aux ordres de son p\u00e8re. Mais il est \u00e9galement le symbole de la t\u00e9m\u00e9rit\u00e9 et du courage. <\/span><\/p>\n<p><span style=\"font-weight: 400;\">Le roi Minos, le Taureau blanc et la concupiscence de la reine, le terrible Minotaure, le labyrinthe palais-prison, l\u2019envol puis la chute d\u2019Icare forment une s\u00e9quence symbolique, une inexorable cha\u00eene d\u2019\u00e9v\u00e9nements qui d\u00e9crivent assez bien notre histoire occidentale sous l\u2019angle de son acharnement \u00e0 produire. <\/span><\/p>\n<p><span style=\"font-weight: 400;\">Notre civilisation offre moult savoirs, des routes complexes, des flux financiers aux chemins sinueux et des \u00e9changes de marchandises croissants jour apr\u00e8s jour. La toute puissance de banques comme Goldman &amp; Sachs, les r\u00e9seaux inextricables des relationnels imbriqu\u00e9s les uns avec les autres, et m\u00eame le plan du m\u00e9tro rappelle la forme du labyrinthe, symbole de l\u2019errance croissante de l\u2019homme occidental structur\u00e9 autour du m\u00e9tro-boulot-dodo, au final des allers et retours, dans des culs-de-sac, sans cesse reproduits. <\/span><\/p>\n<p><span style=\"font-weight: 400;\">Les repr\u00e9sentations, les biens de consommation, la monnaie, la bureaucratie, les relations, les carri\u00e8res et les parcours de vie dessinent les m\u00e9andres alambiqu\u00e9s du labyrinthe. <\/span><\/p>\n<p><span style=\"font-weight: 400;\">Pour \u00e9chapper \u00e0 ces chemins biscornus le mythe d\u2019Icare nous rappelle trois solutions dans l\u2019infini des possibles : l\u2019amour (Th\u00e9s\u00e9e et Ariane), l\u2019exploration \u00e0 l\u2019int\u00e9rieur de soi d\u2019o\u00f9 na\u00eetra la conscience du sacr\u00e9 (rappelons-nous de l\u2019acronyme VITRIOL) et, pour ceux qui choisissent les voies de la conscience, l\u2019envol vers le soleil de la v\u00e9rit\u00e9 : la voie ascensionnelle, celle choisie par Icare. <\/span><\/p>\n<p><span style=\"font-weight: 400;\">Oui mais \u2026 Apprendre \u00e0 voler apr\u00e8s la chute c&rsquo;est r\u00e9aliser une utopie, un r\u00eave, d\u00e9passer, se d\u00e9passer, outrepasser, franchir, d\u00e9border, transgresser sa condition, pour tenter de l&rsquo;am\u00e9liorer. <\/span><\/p>\n<p><span style=\"font-weight: 400;\">Apprendre \u00e0 voler, \u00e7a a \u00e9t\u00e9 pour moi, je crois, redonner leur valeur r\u00e9elle aux choses. <\/span><\/p>\n<p><span style=\"font-weight: 400;\">Transmettre cette passion, c&rsquo;est peut-\u00eatre accepter de n&rsquo;\u00eatre qu&rsquo;un maillon modeste d&rsquo;une chaine infinie &#8230; c&rsquo;est peut-\u00eatre accepter de tenter d&rsquo;esquisser d&rsquo;enrichir un tant soit peu cette chaine &#8230; c&rsquo;est peut-\u00eatre accepter d&rsquo;\u00eatre aussi un vecteur de \u00ab\u00a0quelque chose \u00a0\u00bb hors du temps mais dans un espace \u00e0 3 dimensions&#8230; <\/span><\/p>\n<p><span style=\"font-weight: 400;\">Qu\u2019avait-il manqu\u00e9 \u00e0 Icare pour construire son id\u00e9al si ce n\u2019est de vraies ailes comme celles de P\u00e9gase. Et dans sa surprenante spontan\u00e9it\u00e9 le mythe nous offre leur secret car de r\u00e9elles ailes auraient \u00e9t\u00e9 parfaites. Des ailes \u00ab sans cire \u00bb. Le latin <\/span><i><span style=\"font-weight: 400;\">sin cera <\/span><\/i><span style=\"font-weight: 400;\">pr\u00e9pare <\/span><i><span style=\"font-weight: 400;\">sincera <\/span><\/i><span style=\"font-weight: 400;\">: \u00ab sinc\u00e8re \u00bb.<\/span><\/p>\n<p><span style=\"font-weight: 400;\">S\u2019il y a une r\u00e9ponse au mythe d\u2019Icare, c\u2019est la sinc\u00e9rit\u00e9. L\u2019ing\u00e9nuit\u00e9, la candeur sont pour ceux qui pressentent l\u2019utilit\u00e9 d\u2019un renouveau, mais qui n\u2019ont pas encore ressenti le besoin de leurs ailes. <\/span><\/p>\n<p><span style=\"font-weight: 400;\">La sinc\u00e9rit\u00e9 commence par soi-m\u00eame. Est-ce que mon besoin d\u2019\u00e9chapper au monde complexe o\u00f9 je vis est une fuite pour donner suite au cri, au fond de mon c\u0153ur, qui hurle \u00ab <\/span><i><span style=\"font-weight: 400;\">d\u00e9p\u00eache-toi ta vie est courte<\/span><\/i><span style=\"font-weight: 400;\"> \u00bb&nbsp;? <\/span><\/p>\n<p><span style=\"font-weight: 400;\">La sinc\u00e9rit\u00e9 ce n\u2019est pas ob\u00e9ir aux dits d\u2019un guide spirituel ou philosophique. La raison se m\u00e9fie de toutes les \u00e9chapp\u00e9es-belle id\u00e9alistes. Les esprits craintifs et trop circonspects sont l\u00e9gions et leur fonction est de contenir la raison du syst\u00e8me dominant. Mais Icare est trop s\u00e9duit par ses propres esp\u00e9rances pour s\u2019y soumettre. <\/span><\/p>\n<p><span style=\"font-weight: 400;\">La sinc\u00e9rit\u00e9 ne consiste pas non plus \u00e0 rester \u00e0 l\u2019\u00e9tat d\u2019embryon. S\u2019envoler c\u2019est aussi avoir le courage de quitter la s\u00e9curit\u00e9 relative du ventre de la m\u00e8re. <\/span><\/p>\n<p><span style=\"font-weight: 400;\">Je ne peux pas vous parler de la passion d\u2019Icare sans faire allusion \u00e0 un autre r\u00eave qui s\u2019appelle \u00ab&nbsp;r\u00eaves de gosse&nbsp;\u00bb.<\/span><\/p>\n<p><span style=\"font-weight: 400;\">Le r\u00eave ordinaire d\u2019Icare s\u2019est transform\u00e9 en une exp\u00e9rience extraordinaire. Quand vous irez sur Internet, cherchez le site de notre association&nbsp;: <\/span><a href=\"http:\/\/envole.moi.free.fr\"><span style=\"font-weight: 400;\">http:\/\/envole.moi.free.fr<\/span><\/a><span style=\"font-weight: 400;\"> et visionnez le film de notre aventure&#8230;<\/span><\/p>\n<p><span style=\"font-weight: 400;\">Pour terminer, je dirai simplement que si le big bang a eu lieu il y a 13 milliards et 800 millions d\u2019ann\u00e9es pour permettre l\u2019\u00e9volution telle que nous la connaissons, mon big bang personnel a eu lieu en janvier 1982 il y a 37 ans, ce 3 et ce 7 ne sont que les limites de mon infini pr\u00e9c\u00e9dent qui s\u2019est arr\u00eat\u00e9 \u00e0 cette date. Buzz l\u2019\u00e9clair dirait \u00ab&nbsp;Vers l\u2019infini et au-del\u00e0&nbsp;\u00bb et en vous rejoignant toutes et tous dans la Franc-ma\u00e7onnerie je suis d\u00e9j\u00e0 dans cet au-del\u00e0 des limites de mon pr\u00e9c\u00e9dent infini.<\/span><\/p>\n<p>Photo by&nbsp;<a href=\"https:\/\/unsplash.com\/photos\/ugiWmx-Odv8?utm_source=unsplash&amp;utm_medium=referral&amp;utm_content=creditCopyText\">Cameron Kirby<\/a>&nbsp;on&nbsp;<a href=\"https:\/\/unsplash.com\/search\/photos\/fly?utm_source=unsplash&amp;utm_medium=referral&amp;utm_content=creditCopyText\">Unsplash<\/a><\/p>\n","protected":false},"excerpt":{"rendered":"<p>J&rsquo;aurais aim\u00e9 ce soir vous parler de D\u00e9dale, l\u2019inventeur du labyrinthe, des statues qui bougent, de la vache de bois qui trompa Pos\u00e9idon, et de beaucoup d\u2019autres gadgets technologiques, D\u00e9dale (qui signifie \u00ab ing\u00e9nieux \u00bb), le technicien qui est aujourd\u2019hui mis \u00e0 l\u2019honneur dans la vie pratique. J&rsquo;aurais aim\u00e9 vous parler du fil d\u2019Ariane, de [&hellip;]<\/p>\n","protected":false},"author":1,"featured_media":214,"comment_status":"closed","ping_status":"open","sticky":false,"template":"","format":"standard","meta":{"footnotes":""},"categories":[12,18],"tags":[],"class_list":["post-209","post","type-post","status-publish","format-standard","has-post-thumbnail","hentry","category-travaux","category-travaux-sur-le-symbolisme"],"_links":{"self":[{"href":"http:\/\/www.liberte-par-le-travail.fr\/wp\/wp-json\/wp\/v2\/posts\/209","targetHints":{"allow":["GET"]}}],"collection":[{"href":"http:\/\/www.liberte-par-le-travail.fr\/wp\/wp-json\/wp\/v2\/posts"}],"about":[{"href":"http:\/\/www.liberte-par-le-travail.fr\/wp\/wp-json\/wp\/v2\/types\/post"}],"author":[{"embeddable":true,"href":"http:\/\/www.liberte-par-le-travail.fr\/wp\/wp-json\/wp\/v2\/users\/1"}],"replies":[{"embeddable":true,"href":"http:\/\/www.liberte-par-le-travail.fr\/wp\/wp-json\/wp\/v2\/comments?post=209"}],"version-history":[{"count":3,"href":"http:\/\/www.liberte-par-le-travail.fr\/wp\/wp-json\/wp\/v2\/posts\/209\/revisions"}],"predecessor-version":[{"id":215,"href":"http:\/\/www.liberte-par-le-travail.fr\/wp\/wp-json\/wp\/v2\/posts\/209\/revisions\/215"}],"wp:featuredmedia":[{"embeddable":true,"href":"http:\/\/www.liberte-par-le-travail.fr\/wp\/wp-json\/wp\/v2\/media\/214"}],"wp:attachment":[{"href":"http:\/\/www.liberte-par-le-travail.fr\/wp\/wp-json\/wp\/v2\/media?parent=209"}],"wp:term":[{"taxonomy":"category","embeddable":true,"href":"http:\/\/www.liberte-par-le-travail.fr\/wp\/wp-json\/wp\/v2\/categories?post=209"},{"taxonomy":"post_tag","embeddable":true,"href":"http:\/\/www.liberte-par-le-travail.fr\/wp\/wp-json\/wp\/v2\/tags?post=209"}],"curies":[{"name":"wp","href":"https:\/\/api.w.org\/{rel}","templated":true}]}}